{"id":1835,"date":"2025-12-07T10:28:05","date_gmt":"2025-12-07T15:28:05","guid":{"rendered":"https:\/\/spanishlearningjourney.com\/?p=1835"},"modified":"2026-08-17T10:03:38","modified_gmt":"2026-08-17T15:03:38","slug":"what-to-do-in-medellin","status":"publish","type":"post","link":"https:\/\/spanishlearningjourney.com\/es\/what-to-do-in-medellin\/","title":{"rendered":"Qu\u00e9 hacer en Medell\u00edn, Colombia: una gu\u00eda local"},"content":{"rendered":"<div data-elementor-type=\"wp-post\" data-elementor-id=\"1835\" class=\"elementor elementor-1835\">\n\t\t\t\t<div class=\"elementor-element elementor-element-23ce95d e-flex e-con-boxed e-con e-parent\" data-id=\"23ce95d\" data-element_type=\"container\" data-e-type=\"container\">\n\t\t\t\t\t<div class=\"e-con-inner\">\n\t\t\t\t<div class=\"elementor-element elementor-element-5d0050c elementor-widget elementor-widget-image\" data-id=\"5d0050c\" data-element_type=\"widget\" data-e-type=\"widget\" data-widget_type=\"image.default\">\n\t\t\t\t<div class=\"elementor-widget-container\">\n\t\t\t\t\t\t\t\t\t\t\t\t\t\t\t<img fetchpriority=\"high\" decoding=\"async\" width=\"851\" height=\"315\" src=\"https:\/\/spanishlearningjourney.com\/wp-content\/uploads\/2025\/12\/what-to-do-in-medellin-colombia.png\" class=\"attachment-large size-large wp-image-2724\" alt=\"what to do in medellin colombia\" srcset=\"https:\/\/spanishlearningjourney.com\/wp-content\/uploads\/2025\/12\/what-to-do-in-medellin-colombia.png 851w, https:\/\/spanishlearningjourney.com\/wp-content\/uploads\/2025\/12\/what-to-do-in-medellin-colombia-300x111.png 300w, https:\/\/spanishlearningjourney.com\/wp-content\/uploads\/2025\/12\/what-to-do-in-medellin-colombia-768x284.png 768w, https:\/\/spanishlearningjourney.com\/wp-content\/uploads\/2025\/12\/what-to-do-in-medellin-colombia-18x7.png 18w\" sizes=\"(max-width: 851px) 100vw, 851px\"  title=\"Qu\u00e9 hacer en Medell\u00edn, Colombia: una gu\u00eda local\" \/>\t\t\t\t\t\t\t\t\t\t\t\t\t\t\t<\/div>\n\t\t\t\t<\/div>\n\t\t\t\t\t<\/div>\n\t\t\t\t<\/div>\n\t\t<div class=\"elementor-element elementor-element-e71632d e-flex e-con-boxed e-con e-parent\" data-id=\"e71632d\" data-element_type=\"container\" data-e-type=\"container\">\n\t\t\t\t\t<div class=\"e-con-inner\">\n\t\t\t\t<div class=\"elementor-element elementor-element-91cef8e elementor-widget elementor-widget-text-editor\" data-id=\"91cef8e\" data-element_type=\"widget\" data-e-type=\"widget\" data-widget_type=\"text-editor.default\">\n\t\t\t\t<div class=\"elementor-widget-container\">\n\t\t\t\t\t\t\t\t\t<p>You&#8217;re wondering what to do in Medellin? Well, Medell\u00edn is a city of mountains, music, friendly people, and small surprises around every corner. Whether you\u2019re here for a weekend or a few weeks, you\u2019ll find a mix of outdoor adventures, culture, food, and lively neighbourhoods to explore. Here are tried-and-true ideas to help you plan your days, plus a special way to make the most of your trip: learn Spanish for a day with us.<\/p>\t\t\t\t\t\t\t\t<\/div>\n\t\t\t\t<\/div>\n\t\t\t\t\t<\/div>\n\t\t\t\t<\/div>\n\t\t<div class=\"elementor-element elementor-element-894dbe4 e-flex e-con-boxed e-con e-parent\" data-id=\"894dbe4\" data-element_type=\"container\" data-e-type=\"container\">\n\t\t\t\t\t<div class=\"e-con-inner\">\n\t\t\t\t<div class=\"elementor-element elementor-element-fb4fdfb elementor-widget elementor-widget-heading\" data-id=\"fb4fdfb\" data-element_type=\"widget\" data-e-type=\"widget\" data-widget_type=\"heading.default\">\n\t\t\t\t<div class=\"elementor-widget-container\">\n\t\t\t\t\t<h2 class=\"elementor-heading-title elementor-size-default\">1. Take the Metrocable and enjoy the views<\/h2>\t\t\t\t<\/div>\n\t\t\t\t<\/div>\n\t\t\t\t<div class=\"elementor-element elementor-element-6d3dc03 elementor-widget elementor-widget-text-editor\" data-id=\"6d3dc03\" data-element_type=\"widget\" data-e-type=\"widget\" data-widget_type=\"text-editor.default\">\n\t\t\t\t<div class=\"elementor-widget-container\">\n\t\t\t\t\t\t\t\t\t<p>The cable cars are part of Medell\u00edn\u2019s public transport and also one of the best ways to see the city from above. Ride up to Santo Domingo or Arv\u00ed and watch the valley expand beneath you; it&#8217;s great for photos and a quick geography lesson.<\/p>\t\t\t\t\t\t\t\t<\/div>\n\t\t\t\t<\/div>\n\t\t\t\t<div class=\"elementor-element elementor-element-1f11f04 elementor-widget elementor-widget-image\" data-id=\"1f11f04\" data-element_type=\"widget\" data-e-type=\"widget\" data-widget_type=\"image.default\">\n\t\t\t\t<div class=\"elementor-widget-container\">\n\t\t\t\t\t\t\t\t\t\t\t\t\t\t\t<img decoding=\"async\" width=\"530\" height=\"353\" src=\"https:\/\/spanishlearningjourney.com\/wp-content\/uploads\/2025\/12\/cable-car-medellin.jpg\" class=\"attachment-large size-large wp-image-1847\" alt=\"cable car medellin\" srcset=\"https:\/\/spanishlearningjourney.com\/wp-content\/uploads\/2025\/12\/cable-car-medellin.jpg 530w, https:\/\/spanishlearningjourney.com\/wp-content\/uploads\/2025\/12\/cable-car-medellin-300x200.jpg 300w\" sizes=\"(max-width: 530px) 100vw, 530px\"  title=\"Qu\u00e9 hacer en Medell\u00edn, Colombia: una gu\u00eda local\" \/>\t\t\t\t\t\t\t\t\t\t\t\t\t\t\t<\/div>\n\t\t\t\t<\/div>\n\t\t\t\t\t<\/div>\n\t\t\t\t<\/div>\n\t\t<div class=\"elementor-element elementor-element-f52fcd1 e-flex e-con-boxed e-con e-parent\" data-id=\"f52fcd1\" data-element_type=\"container\" data-e-type=\"container\">\n\t\t\t\t\t<div class=\"e-con-inner\">\n\t\t\t\t<div class=\"elementor-element elementor-element-0233956 elementor-widget elementor-widget-heading\" data-id=\"0233956\" data-element_type=\"widget\" data-e-type=\"widget\" data-widget_type=\"heading.default\">\n\t\t\t\t<div class=\"elementor-widget-container\">\n\t\t\t\t\t<h2 class=\"elementor-heading-title elementor-size-default\">2. Visit Casa Museo de la Memoria<\/h2>\t\t\t\t<\/div>\n\t\t\t\t<\/div>\n\t\t\t\t<div class=\"elementor-element elementor-element-ff4c3dc elementor-widget elementor-widget-text-editor\" data-id=\"ff4c3dc\" data-element_type=\"widget\" data-e-type=\"widget\" data-widget_type=\"text-editor.default\">\n\t\t\t\t<div class=\"elementor-widget-container\">\n\t\t\t\t\t\t\t\t\t<p class=\"PDq2pG_selectionAnchorContainer\" data-start=\"0\" data-end=\"461\"><strong data-start=\"0\" data-end=\"29\">Casa de la Memoria Museum<\/strong> is one of Medell\u00edn\u2019s most meaningful cultural spaces. Through powerful exhibitions, personal testimonies, photographs, and interactive displays, it explores the impact of Colombia\u2019s armed conflict and the city\u2019s journey toward resilience, reconciliation, and peace. The museum honors the voices of victims while encouraging reflection on human rights and the importance of preventing violence.<\/p>\n<p data-start=\"463\" data-end=\"782\" data-is-last-node=\"\" data-is-only-node=\"\">You should visit because it offers a deeper understanding of Medell\u00edn beyond its tourist attractions. It provides essential historical and cultural context, helpingvyou appreciate how the city has transformed into a symbol of hope, resilience, and social change.<\/p>\t\t\t\t\t\t\t\t<\/div>\n\t\t\t\t<\/div>\n\t\t\t\t<div class=\"elementor-element elementor-element-5c0a6c6 elementor-widget elementor-widget-image\" data-id=\"5c0a6c6\" data-element_type=\"widget\" data-e-type=\"widget\" data-widget_type=\"image.default\">\n\t\t\t\t<div class=\"elementor-widget-container\">\n\t\t\t\t\t\t\t\t\t\t\t\t\t\t\t<img decoding=\"async\" width=\"780\" height=\"565\" src=\"https:\/\/spanishlearningjourney.com\/wp-content\/uploads\/2025\/12\/image_content_34414182_20191013175837.webp\" class=\"attachment-large size-large wp-image-2675\" alt=\"casa museo de la memoria medellin\" srcset=\"https:\/\/spanishlearningjourney.com\/wp-content\/uploads\/2025\/12\/image_content_34414182_20191013175837.webp 780w, https:\/\/spanishlearningjourney.com\/wp-content\/uploads\/2025\/12\/image_content_34414182_20191013175837-300x217.webp 300w, https:\/\/spanishlearningjourney.com\/wp-content\/uploads\/2025\/12\/image_content_34414182_20191013175837-768x556.webp 768w, https:\/\/spanishlearningjourney.com\/wp-content\/uploads\/2025\/12\/image_content_34414182_20191013175837-18x12.webp 18w\" sizes=\"(max-width: 780px) 100vw, 780px\"  title=\"Qu\u00e9 hacer en Medell\u00edn, Colombia: una gu\u00eda local\" \/>\t\t\t\t\t\t\t\t\t\t\t\t\t\t\t<\/div>\n\t\t\t\t<\/div>\n\t\t\t\t\t<\/div>\n\t\t\t\t<\/div>\n\t\t<div class=\"elementor-element elementor-element-1086948 e-flex e-con-boxed e-con e-parent\" data-id=\"1086948\" data-element_type=\"container\" data-e-type=\"container\">\n\t\t\t\t\t<div class=\"e-con-inner\">\n\t\t\t\t<div class=\"elementor-element elementor-element-887f623 elementor-widget elementor-widget-heading\" data-id=\"887f623\" data-element_type=\"widget\" data-e-type=\"widget\" data-widget_type=\"heading.default\">\n\t\t\t\t<div class=\"elementor-widget-container\">\n\t\t\t\t\t<h2 class=\"elementor-heading-title elementor-size-default\">3. Visit the public library Biblioteca p\u00fablica piloto<\/h2>\t\t\t\t<\/div>\n\t\t\t\t<\/div>\n\t\t\t\t<div class=\"elementor-element elementor-element-cb5cf7e elementor-widget elementor-widget-text-editor\" data-id=\"cb5cf7e\" data-element_type=\"widget\" data-e-type=\"widget\" data-widget_type=\"text-editor.default\">\n\t\t\t\t<div class=\"elementor-widget-container\">\n\t\t\t\t\t\t\t\t\t<p><strong data-start=\"0\" data-end=\"29\">Biblioteca P\u00fablica Piloto<\/strong> is one of Colombia\u2019s most important libraries and a landmark of Medell\u00edn\u2019s cultural life. It offers a unique opportunity to explore Colombia\u2019s history, culture, and artistic heritage in a welcoming environment. Beyond being a library, it is a place where visitors can better understand Medell\u00edn\u2019s identity and enjoy exhibitions that showcase the city\u2019s transformation and rich cultural legacy<\/p>\t\t\t\t\t\t\t\t<\/div>\n\t\t\t\t<\/div>\n\t\t\t\t<div class=\"elementor-element elementor-element-7d98df7 elementor-widget elementor-widget-image\" data-id=\"7d98df7\" data-element_type=\"widget\" data-e-type=\"widget\" data-widget_type=\"image.default\">\n\t\t\t\t<div class=\"elementor-widget-container\">\n\t\t\t\t\t\t\t\t\t\t\t\t\t\t\t<img loading=\"lazy\" decoding=\"async\" width=\"1024\" height=\"589\" src=\"https:\/\/spanishlearningjourney.com\/wp-content\/uploads\/2025\/12\/La-Biblioteca-Publica-Piloto-1024x589.jpg\" class=\"attachment-large size-large wp-image-2676\" alt=\"la biblioteca publica piloto\" srcset=\"https:\/\/spanishlearningjourney.com\/wp-content\/uploads\/2025\/12\/La-Biblioteca-Publica-Piloto-1024x589.jpg 1024w, https:\/\/spanishlearningjourney.com\/wp-content\/uploads\/2025\/12\/La-Biblioteca-Publica-Piloto-300x173.jpg 300w, https:\/\/spanishlearningjourney.com\/wp-content\/uploads\/2025\/12\/La-Biblioteca-Publica-Piloto-768x442.jpg 768w, https:\/\/spanishlearningjourney.com\/wp-content\/uploads\/2025\/12\/La-Biblioteca-Publica-Piloto-18x10.jpg 18w, https:\/\/spanishlearningjourney.com\/wp-content\/uploads\/2025\/12\/La-Biblioteca-Publica-Piloto.jpg 1280w\" sizes=\"(max-width: 1024px) 100vw, 1024px\"  title=\"Qu\u00e9 hacer en Medell\u00edn, Colombia: una gu\u00eda local\" \/>\t\t\t\t\t\t\t\t\t\t\t\t\t\t\t<\/div>\n\t\t\t\t<\/div>\n\t\t\t\t<div class=\"elementor-element elementor-element-89364b7 elementor-widget elementor-widget-heading\" data-id=\"89364b7\" data-element_type=\"widget\" data-e-type=\"widget\" data-widget_type=\"heading.default\">\n\t\t\t\t<div class=\"elementor-widget-container\">\n\t\t\t\t\t<h2 class=\"elementor-heading-title elementor-size-default\">4. Attend the Fiesta del libro y la cultura en septiembre (\"Festival of books and culture)<\/h2>\t\t\t\t<\/div>\n\t\t\t\t<\/div>\n\t\t\t\t\t<\/div>\n\t\t\t\t<\/div>\n\t\t<div class=\"elementor-element elementor-element-d0e3609 e-flex e-con-boxed e-con e-parent\" data-id=\"d0e3609\" data-element_type=\"container\" data-e-type=\"container\">\n\t\t\t\t\t<div class=\"e-con-inner\">\n\t\t\t\t<div class=\"elementor-element elementor-element-946df73 elementor-widget elementor-widget-text-editor\" data-id=\"946df73\" data-element_type=\"widget\" data-e-type=\"widget\" data-widget_type=\"text-editor.default\">\n\t\t\t\t<div class=\"elementor-widget-container\">\n\t\t\t\t\t\t\t\t\t<p><strong data-start=\"0\" data-end=\"42\">The Medell\u00edn Book and Culture Festival<\/strong> is one of Colombia\u2019s largest free literary events, held every September in the Botanical Garden and surrounding venues. It brings together authors, publishers, artists, and readers through book fairs, talks, workshops, concerts, exhibitions, and cultural activities that celebrate literature, education, and creativity.<\/p>\t\t\t\t\t\t\t\t<\/div>\n\t\t\t\t<\/div>\n\t\t\t\t<div class=\"elementor-element elementor-element-76df611 elementor-widget elementor-widget-image\" data-id=\"76df611\" data-element_type=\"widget\" data-e-type=\"widget\" data-widget_type=\"image.default\">\n\t\t\t\t<div class=\"elementor-widget-container\">\n\t\t\t\t\t\t\t\t\t\t\t\t\t\t\t<img loading=\"lazy\" decoding=\"async\" width=\"800\" height=\"800\" src=\"https:\/\/spanishlearningjourney.com\/wp-content\/uploads\/2025\/12\/Libro_Infantil_1.webp\" class=\"attachment-large size-large wp-image-2677\" alt=\"The Medell\u00edn Book and Culture Festival\" srcset=\"https:\/\/spanishlearningjourney.com\/wp-content\/uploads\/2025\/12\/Libro_Infantil_1.webp 800w, https:\/\/spanishlearningjourney.com\/wp-content\/uploads\/2025\/12\/Libro_Infantil_1-300x300.webp 300w, https:\/\/spanishlearningjourney.com\/wp-content\/uploads\/2025\/12\/Libro_Infantil_1-150x150.webp 150w, https:\/\/spanishlearningjourney.com\/wp-content\/uploads\/2025\/12\/Libro_Infantil_1-768x768.webp 768w, https:\/\/spanishlearningjourney.com\/wp-content\/uploads\/2025\/12\/Libro_Infantil_1-12x12.webp 12w\" sizes=\"(max-width: 800px) 100vw, 800px\"  title=\"Qu\u00e9 hacer en Medell\u00edn, Colombia: una gu\u00eda local\" \/>\t\t\t\t\t\t\t\t\t\t\t\t\t\t\t<\/div>\n\t\t\t\t<\/div>\n\t\t\t\t\t<\/div>\n\t\t\t\t<\/div>\n\t\t<div class=\"elementor-element elementor-element-20de13e e-flex e-con-boxed e-con e-parent\" data-id=\"20de13e\" data-element_type=\"container\" data-e-type=\"container\">\n\t\t\t\t\t<div class=\"e-con-inner\">\n\t\t\t\t<div class=\"elementor-element elementor-element-0de6f89 elementor-widget elementor-widget-heading\" data-id=\"0de6f89\" data-element_type=\"widget\" data-e-type=\"widget\" data-widget_type=\"heading.default\">\n\t\t\t\t<div class=\"elementor-widget-container\">\n\t\t\t\t\t<h2 class=\"elementor-heading-title elementor-size-default\">5. Walk in Parque Arv\u00ed<\/h2>\t\t\t\t<\/div>\n\t\t\t\t<\/div>\n\t\t\t\t<div class=\"elementor-element elementor-element-3157a9d elementor-widget elementor-widget-text-editor\" data-id=\"3157a9d\" data-element_type=\"widget\" data-e-type=\"widget\" data-widget_type=\"text-editor.default\">\n\t\t\t\t<div class=\"elementor-widget-container\">\n\t\t\t\t\t\t\t\t\t<p>It&#8217;s the perfect place for a quieter day: Parque Arv\u00ed is an excellent choice for hiking and nature. Entry to Parque Arv\u00ed itself is free, but there is a fee if you want to do a self-guided hike on the official trails or join a guided walk with a local ranger. The guided hikes are affordable (7 USD aprox.), safe, and a great way to learn about native plants and local history. Pack water and sunscreen and enjoy a slower pace.If you have a day, head about two hours out of the city to Guatap\u00e9. Climb the 740+ steps of El Pe\u00f1ol for an unforgettable panoramic view, then stroll through the colourful town with its painted z\u00f3calos (decorative lower facades).<\/p>\t\t\t\t\t\t\t\t<\/div>\n\t\t\t\t<\/div>\n\t\t\t\t<div class=\"elementor-element elementor-element-298bd0f elementor-widget elementor-widget-image\" data-id=\"298bd0f\" data-element_type=\"widget\" data-e-type=\"widget\" data-widget_type=\"image.default\">\n\t\t\t\t<div class=\"elementor-widget-container\">\n\t\t\t\t\t\t\t\t\t\t\t\t\t\t\t<img loading=\"lazy\" decoding=\"async\" width=\"696\" height=\"464\" src=\"https:\/\/spanishlearningjourney.com\/wp-content\/uploads\/2025\/12\/arvi-park-medellin-colombia.jpg\" class=\"attachment-large size-large wp-image-1851\" alt=\"arvi park medellin colombia\" srcset=\"https:\/\/spanishlearningjourney.com\/wp-content\/uploads\/2025\/12\/arvi-park-medellin-colombia.jpg 696w, https:\/\/spanishlearningjourney.com\/wp-content\/uploads\/2025\/12\/arvi-park-medellin-colombia-300x200.jpg 300w\" sizes=\"(max-width: 696px) 100vw, 696px\"  title=\"Qu\u00e9 hacer en Medell\u00edn, Colombia: una gu\u00eda local\" \/>\t\t\t\t\t\t\t\t\t\t\t\t\t\t\t<\/div>\n\t\t\t\t<\/div>\n\t\t\t\t<div class=\"elementor-element elementor-element-f5c264f elementor-widget elementor-widget-heading\" data-id=\"f5c264f\" data-element_type=\"widget\" data-e-type=\"widget\" data-widget_type=\"heading.default\">\n\t\t\t\t<div class=\"elementor-widget-container\">\n\t\t\t\t\t<h2 class=\"elementor-heading-title elementor-size-default\">6. Eat like a local: try our many endemic fruits<\/h2>\t\t\t\t<\/div>\n\t\t\t\t<\/div>\n\t\t\t\t\t<\/div>\n\t\t\t\t<\/div>\n\t\t<div class=\"elementor-element elementor-element-6b4cff3 e-flex e-con-boxed e-con e-parent\" data-id=\"6b4cff3\" data-element_type=\"container\" data-e-type=\"container\">\n\t\t\t\t\t<div class=\"e-con-inner\">\n\t\t\t\t<div class=\"elementor-element elementor-element-3a22281 elementor-widget elementor-widget-text-editor\" data-id=\"3a22281\" data-element_type=\"widget\" data-e-type=\"widget\" data-widget_type=\"text-editor.default\">\n\t\t\t\t<div class=\"elementor-widget-container\">\n\t\t\t\t\t\t\t\t\t<p><strong data-start=\"0\" data-end=\"35\">Trying Colombia\u2019s Native Fruits<\/strong> is a unique experience that introduces visitors to the country\u2019s extraordinary biodiversity. Fruits such as lulo, gulupa, granadilla, feijoa, boroj\u00f3, uchuva, and zapote offer flavors and textures that are rarely found outside Colombia. They can be enjoyed fresh, in juices, desserts, or traditional dishes. You can find them at local markets like Placita de Florez or La Minorista.<\/p>\t\t\t\t\t\t\t\t<\/div>\n\t\t\t\t<\/div>\n\t\t\t\t<div class=\"elementor-element elementor-element-80de916 elementor-widget elementor-widget-image\" data-id=\"80de916\" data-element_type=\"widget\" data-e-type=\"widget\" data-widget_type=\"image.default\">\n\t\t\t\t<div class=\"elementor-widget-container\">\n\t\t\t\t\t\t\t\t\t\t\t\t\t\t\t<img loading=\"lazy\" decoding=\"async\" width=\"390\" height=\"397\" src=\"https:\/\/spanishlearningjourney.com\/wp-content\/uploads\/2025\/12\/fruitsin-colombia.jpg\" class=\"attachment-large size-large wp-image-2678\" alt=\"fruitsin colombia\" srcset=\"https:\/\/spanishlearningjourney.com\/wp-content\/uploads\/2025\/12\/fruitsin-colombia.jpg 390w, https:\/\/spanishlearningjourney.com\/wp-content\/uploads\/2025\/12\/fruitsin-colombia-295x300.jpg 295w, https:\/\/spanishlearningjourney.com\/wp-content\/uploads\/2025\/12\/fruitsin-colombia-12x12.jpg 12w\" sizes=\"(max-width: 390px) 100vw, 390px\"  title=\"Qu\u00e9 hacer en Medell\u00edn, Colombia: una gu\u00eda local\" \/>\t\t\t\t\t\t\t\t\t\t\t\t\t\t\t<\/div>\n\t\t\t\t<\/div>\n\t\t\t\t\t<\/div>\n\t\t\t\t<\/div>\n\t\t<div class=\"elementor-element elementor-element-b2f6cb9 e-flex e-con-boxed e-con e-parent\" data-id=\"b2f6cb9\" data-element_type=\"container\" data-e-type=\"container\">\n\t\t\t\t\t<div class=\"e-con-inner\">\n\t\t\t\t<div class=\"elementor-element elementor-element-be507c5 elementor-widget elementor-widget-heading\" data-id=\"be507c5\" data-element_type=\"widget\" data-e-type=\"widget\" data-widget_type=\"heading.default\">\n\t\t\t\t<div class=\"elementor-widget-container\">\n\t\t\t\t\t<h2 class=\"elementor-heading-title elementor-size-default\">7. Explore El Poblado and Laureles for food and coffee<\/h2>\t\t\t\t<\/div>\n\t\t\t\t<\/div>\n\t\t\t\t<div class=\"elementor-element elementor-element-cc8cff0 elementor-widget elementor-widget-text-editor\" data-id=\"cc8cff0\" data-element_type=\"widget\" data-e-type=\"widget\" data-widget_type=\"text-editor.default\">\n\t\t\t\t<div class=\"elementor-widget-container\">\n\t\t\t\t\t\t\t\t\t<p>El Poblado boasts lively restaurants, bars, and rooftop views, while Laureles offers a cozier, more local life with excellent eateries and caf\u00e9s. Both neighborhoods are great for morning and afternoon plans. In El Poblado you can visit\u00a0<a href=\"https:\/\/apiladosdeautor.com\/?srsltid=AfmBOooSAInfnJNv7lsKxpNTe2QY_YhNtMYorB0x1PQwoyfkKqVMfxEq\" target=\"_blank\" rel=\"noopener\">Apilados de Auto<\/a>r or <a href=\"https:\/\/www.instagram.com\/cafedragon.med\/?hl=es\">Caf\u00e9 drag\u00f3n<\/a>, and, in Laureles we recommend <a href=\"https:\/\/ritualescafe.com\/\">Rituales<\/a>.<\/p>\t\t\t\t\t\t\t\t<\/div>\n\t\t\t\t<\/div>\n\t\t\t\t<div class=\"elementor-element elementor-element-186ee0d elementor-widget elementor-widget-image\" data-id=\"186ee0d\" data-element_type=\"widget\" data-e-type=\"widget\" data-widget_type=\"image.default\">\n\t\t\t\t<div class=\"elementor-widget-container\">\n\t\t\t\t\t\t\t\t\t\t\t\t\t\t\t<img loading=\"lazy\" decoding=\"async\" width=\"1024\" height=\"768\" src=\"https:\/\/spanishlearningjourney.com\/wp-content\/uploads\/2025\/12\/explore-laureles-medellin-1024x768.jpg\" class=\"attachment-large size-large wp-image-1852\" alt=\"what to do in laureles medellin\" srcset=\"https:\/\/spanishlearningjourney.com\/wp-content\/uploads\/2025\/12\/explore-laureles-medellin-1024x768.jpg 1024w, https:\/\/spanishlearningjourney.com\/wp-content\/uploads\/2025\/12\/explore-laureles-medellin-300x225.jpg 300w, https:\/\/spanishlearningjourney.com\/wp-content\/uploads\/2025\/12\/explore-laureles-medellin-768x576.jpg 768w, https:\/\/spanishlearningjourney.com\/wp-content\/uploads\/2025\/12\/explore-laureles-medellin-1536x1152.jpg 1536w, https:\/\/spanishlearningjourney.com\/wp-content\/uploads\/2025\/12\/explore-laureles-medellin-2048x1536.jpg 2048w\" sizes=\"(max-width: 1024px) 100vw, 1024px\"  title=\"Qu\u00e9 hacer en Medell\u00edn, Colombia: una gu\u00eda local\" \/>\t\t\t\t\t\t\t\t\t\t\t\t\t\t\t<\/div>\n\t\t\t\t<\/div>\n\t\t\t\t<div class=\"elementor-element elementor-element-26a8883 elementor-widget elementor-widget-heading\" data-id=\"26a8883\" data-element_type=\"widget\" data-e-type=\"widget\" data-widget_type=\"heading.default\">\n\t\t\t\t<div class=\"elementor-widget-container\">\n\t\t\t\t\t<h2 class=\"elementor-heading-title elementor-size-default\">8. Relax in Jard\u00edn Bot\u00e1nico<\/h2>\t\t\t\t<\/div>\n\t\t\t\t<\/div>\n\t\t\t\t\t<\/div>\n\t\t\t\t<\/div>\n\t\t<div class=\"elementor-element elementor-element-5b7c113 e-flex e-con-boxed e-con e-parent\" data-id=\"5b7c113\" data-element_type=\"container\" data-e-type=\"container\">\n\t\t\t\t\t<div class=\"e-con-inner\">\n\t\t\t\t<div class=\"elementor-element elementor-element-600c889 elementor-widget elementor-widget-text-editor\" data-id=\"600c889\" data-element_type=\"widget\" data-e-type=\"widget\" data-widget_type=\"text-editor.default\">\n\t\t\t\t<div class=\"elementor-widget-container\">\n\t\t\t\t\t\t\t\t\t<p><span style=\"font-weight: inherit;\">The <\/span><strong data-start=\"340\" data-end=\"381\">Jard\u00edn Bot\u00e1nico Joaqu\u00edn Antonio Uribe<\/strong><span style=\"font-weight: inherit;\"> is one of Medell\u00edn\u2019s most charming spots; free to enter, easy to reach, and full of plants, birds, and shaded paths. You can stroll through the orchid collection, visit the butterfly house (when open), walk around the small lake, or simply sit under the giant canopy of the <\/span><em style=\"font-weight: inherit;\" data-start=\"657\" data-end=\"671\">Orquideorama<\/em><span style=\"font-weight: inherit;\">, the park\u2019s iconic wooden structure designed to collect rainwater. If you come in September, you can also join the anual Fiesta del Libro y la Cultura (Book and Culture fair).<\/span><\/p>\t\t\t\t\t\t\t\t<\/div>\n\t\t\t\t<\/div>\n\t\t\t\t<div class=\"elementor-element elementor-element-334d05c elementor-widget elementor-widget-image\" data-id=\"334d05c\" data-element_type=\"widget\" data-e-type=\"widget\" data-widget_type=\"image.default\">\n\t\t\t\t<div class=\"elementor-widget-container\">\n\t\t\t\t\t\t\t\t\t\t\t\t\t\t\t<img loading=\"lazy\" decoding=\"async\" width=\"650\" height=\"488\" src=\"https:\/\/spanishlearningjourney.com\/wp-content\/uploads\/2025\/12\/botanical-garden-medellin.avif\" class=\"attachment-large size-large wp-image-1853\" alt=\"botanical garden medellin\" srcset=\"https:\/\/spanishlearningjourney.com\/wp-content\/uploads\/2025\/12\/botanical-garden-medellin.avif 650w, https:\/\/spanishlearningjourney.com\/wp-content\/uploads\/2025\/12\/botanical-garden-medellin-300x225.avif 300w\" sizes=\"(max-width: 650px) 100vw, 650px\"  title=\"Qu\u00e9 hacer en Medell\u00edn, Colombia: una gu\u00eda local\" \/>\t\t\t\t\t\t\t\t\t\t\t\t\t\t\t<\/div>\n\t\t\t\t<\/div>\n\t\t\t\t\t<\/div>\n\t\t\t\t<\/div>\n\t\t<div class=\"elementor-element elementor-element-504fc85 e-flex e-con-boxed e-con e-parent\" data-id=\"504fc85\" data-element_type=\"container\" data-e-type=\"container\">\n\t\t\t\t\t<div class=\"e-con-inner\">\n\t\t\t\t<div class=\"elementor-element elementor-element-89662bd elementor-widget elementor-widget-heading\" data-id=\"89662bd\" data-element_type=\"widget\" data-e-type=\"widget\" data-widget_type=\"heading.default\">\n\t\t\t\t<div class=\"elementor-widget-container\">\n\t\t\t\t\t<h2 class=\"elementor-heading-title elementor-size-default\">9. Learn Spanish for a day: practical, fun, and local (with us)<\/h2>\t\t\t\t<\/div>\n\t\t\t\t<\/div>\n\t\t\t\t<div class=\"elementor-element elementor-element-9c21fee elementor-widget elementor-widget-text-editor\" data-id=\"9c21fee\" data-element_type=\"widget\" data-e-type=\"widget\" data-widget_type=\"text-editor.default\">\n\t\t\t\t<div class=\"elementor-widget-container\">\n\t\t\t\t\t\t\t\t\t<p>Want to make your trip more meaningful? Join our&nbsp;<a href=\"https:\/\/spanishlearningjourney.com\/es\/spanish-for-traveling\/\" target=\"_blank\">one-day Spanish experience<\/a>&nbsp;designed especially for travelers. In 2\u20134 hours you\u2019ll learn basic Spanish to navigate the country, and practical phrases to use in markets, taxis, caf\u00e9s, and with new friends. What to expect:<\/p>\n<p><!-- \/wp:paragraph --><!-- wp:list --><\/p>\n<ul>\n<li style=\"list-style-type: none;\">\n<ul><!-- wp:list-item --><\/ul>\n<\/li>\n<\/ul>\n<ul>\n<li style=\"list-style-type: none;\">\n<ul>\n<li>Short, hands-on lessons focused on useful phrases and pronunciation<\/li>\n<\/ul>\n<\/li>\n<\/ul>\n<p><!-- \/wp:list-item --><!-- wp:list-item --><\/p>\n<ul>\n<li style=\"list-style-type: none;\">\n<ul>\n<li>Role-play activities (ordering food, asking for directions, bargaining)<\/li>\n<\/ul>\n<\/li>\n<\/ul>\n<p><!-- \/wp:list-item --><!-- wp:list-item --><\/p>\n<ul>\n<li style=\"list-style-type: none;\">\n<ul>\n<li>Local vocabulary tied to the parts of the city you plan to visit<\/li>\n<\/ul>\n<\/li>\n<\/ul>\n<p><!-- \/wp:list-item --><!-- wp:list-item --><\/p>\n<ul>\n<li style=\"list-style-type: none;\">\n<ul>\n<li>Class notes and quick practice tasks you can use on the same day<br>This is a friendly, low-pressure way to connect more with people you meet in Medell\u00edn and feel confident using Spanish while you explore.<\/li>\n<\/ul>\n<\/li>\n<\/ul>\t\t\t\t\t\t\t\t<\/div>\n\t\t\t\t<\/div>\n\t\t\t\t<div class=\"elementor-element elementor-element-1d59127 elementor-widget elementor-widget-image\" data-id=\"1d59127\" data-element_type=\"widget\" data-e-type=\"widget\" data-widget_type=\"image.default\">\n\t\t\t\t<div class=\"elementor-widget-container\">\n\t\t\t\t\t\t\t\t\t\t\t\t\t\t\t<img loading=\"lazy\" decoding=\"async\" width=\"768\" height=\"578\" src=\"https:\/\/spanishlearningjourney.com\/wp-content\/uploads\/2025\/11\/spanish-for-traveling-phrases-768x578.jpg\" class=\"attachment-medium_large size-medium_large wp-image-1624\" alt=\"spanish for traveling phrases\" srcset=\"https:\/\/spanishlearningjourney.com\/wp-content\/uploads\/2025\/11\/spanish-for-traveling-phrases-768x578.jpg 768w, https:\/\/spanishlearningjourney.com\/wp-content\/uploads\/2025\/11\/spanish-for-traveling-phrases-300x226.jpg 300w, https:\/\/spanishlearningjourney.com\/wp-content\/uploads\/2025\/11\/spanish-for-traveling-phrases-1024x771.jpg 1024w, https:\/\/spanishlearningjourney.com\/wp-content\/uploads\/2025\/11\/spanish-for-traveling-phrases-1536x1157.jpg 1536w, https:\/\/spanishlearningjourney.com\/wp-content\/uploads\/2025\/11\/spanish-for-traveling-phrases-2048x1542.jpg 2048w\" sizes=\"(max-width: 768px) 100vw, 768px\"  title=\"Qu\u00e9 hacer en Medell\u00edn, Colombia: una gu\u00eda local\" \/>\t\t\t\t\t\t\t\t\t\t\t\t\t\t\t<\/div>\n\t\t\t\t<\/div>\n\t\t\t\t\t<\/div>\n\t\t\t\t<\/div>\n\t\t<div class=\"elementor-element elementor-element-e7fa5a7 e-flex e-con-boxed e-con e-parent\" data-id=\"e7fa5a7\" data-element_type=\"container\" data-e-type=\"container\">\n\t\t\t\t\t<div class=\"e-con-inner\">\n\t\t\t\t<div class=\"elementor-element elementor-element-89e5195 elementor-widget elementor-widget-heading\" data-id=\"89e5195\" data-element_type=\"widget\" data-e-type=\"widget\" data-widget_type=\"heading.default\">\n\t\t\t\t<div class=\"elementor-widget-container\">\n\t\t\t\t\t<h2 class=\"elementor-heading-title elementor-size-default\">10. Take a coffee tour or a local food tour<\/h2>\t\t\t\t<\/div>\n\t\t\t\t<\/div>\n\t\t\t\t\t<\/div>\n\t\t\t\t<\/div>\n\t\t<div class=\"elementor-element elementor-element-12b23dc9 e-flex e-con-boxed e-con e-parent\" data-id=\"12b23dc9\" data-element_type=\"container\" data-e-type=\"container\">\n\t\t\t\t\t<div class=\"e-con-inner\">\n\t\t\t\t<div class=\"elementor-element elementor-element-d918213 elementor-widget elementor-widget-text-editor\" data-id=\"d918213\" data-element_type=\"widget\" data-e-type=\"widget\" data-widget_type=\"text-editor.default\">\n\t\t\t\t<div class=\"elementor-widget-container\">\n\t\t\t\t\t\t\t\t\t<p>Colombia is a coffee country. A short coffee tour will teach you about the process from bean to cup, and a food tour will introduce you to regional dishes and hidden gems you might otherwise miss.<\/p>\t\t\t\t\t\t\t\t<\/div>\n\t\t\t\t<\/div>\n\t\t\t\t<div class=\"elementor-element elementor-element-b95f15f elementor-widget elementor-widget-image\" data-id=\"b95f15f\" data-element_type=\"widget\" data-e-type=\"widget\" data-widget_type=\"image.default\">\n\t\t\t\t<div class=\"elementor-widget-container\">\n\t\t\t\t\t\t\t\t\t\t\t\t\t\t\t<img loading=\"lazy\" decoding=\"async\" width=\"500\" height=\"400\" src=\"https:\/\/spanishlearningjourney.com\/wp-content\/uploads\/2025\/12\/coffee-tour-medellin.jpg\" class=\"attachment-large size-large wp-image-1854\" alt=\"coffee tour medellin\" srcset=\"https:\/\/spanishlearningjourney.com\/wp-content\/uploads\/2025\/12\/coffee-tour-medellin.jpg 500w, https:\/\/spanishlearningjourney.com\/wp-content\/uploads\/2025\/12\/coffee-tour-medellin-300x240.jpg 300w\" sizes=\"(max-width: 500px) 100vw, 500px\"  title=\"Qu\u00e9 hacer en Medell\u00edn, Colombia: una gu\u00eda local\" \/>\t\t\t\t\t\t\t\t\t\t\t\t\t\t\t<\/div>\n\t\t\t\t<\/div>\n\t\t\t\t<div class=\"elementor-element elementor-element-13a26a9 elementor-widget elementor-widget-heading\" data-id=\"13a26a9\" data-element_type=\"widget\" data-e-type=\"widget\" data-widget_type=\"heading.default\">\n\t\t\t\t<div class=\"elementor-widget-container\">\n\t\t\t\t\t<h2 class=\"elementor-heading-title elementor-size-default\">Quick tips before you go to Medell\u00edn<\/h2>\t\t\t\t<\/div>\n\t\t\t\t<\/div>\n\t\t\t\t<div class=\"elementor-element elementor-element-6d88f424 elementor-widget elementor-widget-text-editor\" data-id=\"6d88f424\" data-element_type=\"widget\" data-e-type=\"widget\" data-widget_type=\"text-editor.default\">\n\t\t\t\t<div class=\"elementor-widget-container\">\n\t\t\t\t\t\t\t\t\t<ul>\n<li style=\"list-style-type: none;\">\n<ul>\n<li>Carry a small amount of cash for markets and taxis; many places accept cards, but not all.<\/li>\n<\/ul>\n<\/li>\n<\/ul>\n<p><!-- \/wp:list-item --><!-- wp:list-item --><\/p>\n<ul>\n<li style=\"list-style-type: none;\">\n<ul>\n<li>Use official taxis or ride-hailing apps for convenience.<\/li>\n<\/ul>\n<\/li>\n<\/ul>\n<p><!-- \/wp:list-item --><!-- wp:list-item --><\/p>\n<ul>\n<li style=\"list-style-type: none;\">\n<ul>\n<li>Learn a few polite phrases in Spanish; locals really appreciate the effort.<\/li>\n<\/ul>\n<\/li>\n<\/ul>\n<p><!-- \/wp:list-item --><!-- wp:list-item --><\/p>\n<ul>\n<li style=\"list-style-type: none;\">\n<ul>\n<li>Keep a water bottle with you; the city is warm and hilly.<\/li>\n<\/ul>\n<\/li>\n<\/ul>\n<p><!-- \/wp:list-item --><\/p>\n<p><!-- \/wp:list --><!-- wp:paragraph --><\/p>\n<p>Medell\u00edn is a city that rewards curiosity: take the cable car for views, follow the murals for stories, and try a one-day Spanish session to get more out of every conversation. If you\u2019d like to join our one-day Spanish experience while you\u2019re in town, check the \u201cClasses\u201d or \u201cContact\u201d page on our website to see available times; it\u2019s a fun and practical way to bring your Medell\u00edn trip to life.<\/p>\n<p><!-- \/wp:paragraph --><!-- wp:paragraph --><\/p>\n<p><!-- \/wp:paragraph --><\/p>\t\t\t\t\t\t\t\t<\/div>\n\t\t\t\t<\/div>\n\t\t\t\t\t<\/div>\n\t\t\t\t<\/div>\n\t\t<div class=\"elementor-element elementor-element-436b951 e-flex e-con-boxed e-con e-parent\" data-id=\"436b951\" data-element_type=\"container\" data-e-type=\"container\">\n\t\t\t\t\t<div class=\"e-con-inner\">\n\t\t<div class=\"elementor-element elementor-element-2a7b713 e-con-full e-flex e-con e-child\" data-id=\"2a7b713\" data-element_type=\"container\" data-e-type=\"container\">\n\t\t<div class=\"elementor-element elementor-element-aab9e42 e-con-full e-flex e-con e-child\" data-id=\"aab9e42\" data-element_type=\"container\" data-e-type=\"container\">\n\t\t<div class=\"elementor-element elementor-element-1cacbd2 e-con-full e-flex e-con e-child\" data-id=\"1cacbd2\" data-element_type=\"container\" data-e-type=\"container\">\n\t\t<div class=\"elementor-element elementor-element-9a0416a e-con-full e-flex e-con e-child\" data-id=\"9a0416a\" data-element_type=\"container\" data-e-type=\"container\">\n\t\t\t\t<div class=\"elementor-element elementor-element-1411283 elementor-widget elementor-widget-heading\" data-id=\"1411283\" data-element_type=\"widget\" data-e-type=\"widget\" data-widget_type=\"heading.default\">\n\t\t\t\t<div class=\"elementor-widget-container\">\n\t\t\t\t\t<h2 class=\"elementor-heading-title elementor-size-default\">FAQ<\/h2>\t\t\t\t<\/div>\n\t\t\t\t<\/div>\n\t\t\t\t<div class=\"elementor-element elementor-element-e3b6226 elementor-widget elementor-widget-n-accordion\" data-id=\"e3b6226\" data-element_type=\"widget\" data-e-type=\"widget\" data-settings=\"{&quot;default_state&quot;:&quot;expanded&quot;,&quot;max_items_expended&quot;:&quot;one&quot;,&quot;n_accordion_animation_duration&quot;:{&quot;unit&quot;:&quot;ms&quot;,&quot;size&quot;:400,&quot;sizes&quot;:[]}}\" data-widget_type=\"nested-accordion.default\">\n\t\t\t\t<div class=\"elementor-widget-container\">\n\t\t\t\t\t\t\t<div class=\"e-n-accordion\" aria-label=\"Agenda una clase de prueba con uno de nuestros profesores\">\n\t\t\t\t\t\t<details id=\"e-n-accordion-item-2380\" class=\"e-n-accordion-item\" open>\n\t\t\t\t<summary class=\"e-n-accordion-item-title\" data-accordion-index=\"1\" tabindex=\"0\" aria-expanded=\"true\" aria-controls=\"e-n-accordion-item-2380\" >\n\t\t\t\t\t<span class='e-n-accordion-item-title-header'><div class=\"e-n-accordion-item-title-text\"> Is Medell\u00edn safe for tourists? <\/div><\/span>\n\t\t\t\t\t\t\t<span class='e-n-accordion-item-title-icon'>\n\t\t\t<span class='e-opened' ><svg aria-hidden=\"true\" class=\"e-font-icon-svg e-fas-pen-fancy\" viewbox=\"0 0 512 512\" xmlns=\"http:\/\/www.w3.org\/2000\/svg\"><path d=\"M79.18 282.94a32.005 32.005 0 0 0-20.24 20.24L0 480l4.69 4.69 92.89-92.89c-.66-2.56-1.57-5.03-1.57-7.8 0-17.67 14.33-32 32-32s32 14.33 32 32-14.33 32-32 32c-2.77 0-5.24-.91-7.8-1.57l-92.89 92.89L32 512l176.82-58.94a31.983 31.983 0 0 0 20.24-20.24l33.07-84.07-98.88-98.88-84.07 33.07zM369.25 28.32L186.14 227.81l97.85 97.85 199.49-183.11C568.4 67.48 443.73-55.94 369.25 28.32z\"><\/path><\/svg><\/span>\n\t\t\t<span class='e-closed'><svg aria-hidden=\"true\" class=\"e-font-icon-svg e-fas-question-circle\" viewbox=\"0 0 512 512\" xmlns=\"http:\/\/www.w3.org\/2000\/svg\"><path d=\"M504 256c0 136.997-111.043 248-248 248S8 392.997 8 256C8 119.083 119.043 8 256 8s248 111.083 248 248zM262.655 90c-54.497 0-89.255 22.957-116.549 63.758-3.536 5.286-2.353 12.415 2.715 16.258l34.699 26.31c5.205 3.947 12.621 3.008 16.665-2.122 17.864-22.658 30.113-35.797 57.303-35.797 20.429 0 45.698 13.148 45.698 32.958 0 14.976-12.363 22.667-32.534 33.976C247.128 238.528 216 254.941 216 296v4c0 6.627 5.373 12 12 12h56c6.627 0 12-5.373 12-12v-1.333c0-28.462 83.186-29.647 83.186-106.667 0-58.002-60.165-102-116.531-102zM256 338c-25.365 0-46 20.635-46 46 0 25.364 20.635 46 46 46s46-20.636 46-46c0-25.365-20.635-46-46-46z\"><\/path><\/svg><\/span>\n\t\t<\/span>\n\n\t\t\t\t\t\t<\/summary>\n\t\t\t\t<div role=\"region\" aria-labelledby=\"e-n-accordion-item-2380\" class=\"elementor-element elementor-element-71c6eed e-con-full e-flex e-con e-child\" data-id=\"71c6eed\" data-element_type=\"container\" data-e-type=\"container\">\n\t\t\t\t<div class=\"elementor-element elementor-element-36e83dc elementor-widget elementor-widget-text-editor\" data-id=\"36e83dc\" data-element_type=\"widget\" data-e-type=\"widget\" data-widget_type=\"text-editor.default\">\n\t\t\t\t<div class=\"elementor-widget-container\">\n\t\t\t\t\t\t\t\t\t<p>Yes, Medell\u00edn is generally safe for visitors who take common-sense precautions. Stay aware of your surroundings, avoid displaying valuables, and use trusted transportation, especially at night.<\/p>\t\t\t\t\t\t\t\t<\/div>\n\t\t\t\t<\/div>\n\t\t\t\t<\/div>\n\t\t\t\t\t<\/details>\n\t\t\t\t\t\t<details id=\"e-n-accordion-item-2381\" class=\"e-n-accordion-item\" >\n\t\t\t\t<summary class=\"e-n-accordion-item-title\" data-accordion-index=\"2\" tabindex=\"-1\" aria-expanded=\"false\" aria-controls=\"e-n-accordion-item-2381\" >\n\t\t\t\t\t<span class='e-n-accordion-item-title-header'><div class=\"e-n-accordion-item-title-text\"> What is the best way to get around Medell\u00edn? <\/div><\/span>\n\t\t\t\t\t\t\t<span class='e-n-accordion-item-title-icon'>\n\t\t\t<span class='e-opened' ><svg aria-hidden=\"true\" class=\"e-font-icon-svg e-fas-pen-fancy\" viewbox=\"0 0 512 512\" xmlns=\"http:\/\/www.w3.org\/2000\/svg\"><path d=\"M79.18 282.94a32.005 32.005 0 0 0-20.24 20.24L0 480l4.69 4.69 92.89-92.89c-.66-2.56-1.57-5.03-1.57-7.8 0-17.67 14.33-32 32-32s32 14.33 32 32-14.33 32-32 32c-2.77 0-5.24-.91-7.8-1.57l-92.89 92.89L32 512l176.82-58.94a31.983 31.983 0 0 0 20.24-20.24l33.07-84.07-98.88-98.88-84.07 33.07zM369.25 28.32L186.14 227.81l97.85 97.85 199.49-183.11C568.4 67.48 443.73-55.94 369.25 28.32z\"><\/path><\/svg><\/span>\n\t\t\t<span class='e-closed'><svg aria-hidden=\"true\" class=\"e-font-icon-svg e-fas-question-circle\" viewbox=\"0 0 512 512\" xmlns=\"http:\/\/www.w3.org\/2000\/svg\"><path d=\"M504 256c0 136.997-111.043 248-248 248S8 392.997 8 256C8 119.083 119.043 8 256 8s248 111.083 248 248zM262.655 90c-54.497 0-89.255 22.957-116.549 63.758-3.536 5.286-2.353 12.415 2.715 16.258l34.699 26.31c5.205 3.947 12.621 3.008 16.665-2.122 17.864-22.658 30.113-35.797 57.303-35.797 20.429 0 45.698 13.148 45.698 32.958 0 14.976-12.363 22.667-32.534 33.976C247.128 238.528 216 254.941 216 296v4c0 6.627 5.373 12 12 12h56c6.627 0 12-5.373 12-12v-1.333c0-28.462 83.186-29.647 83.186-106.667 0-58.002-60.165-102-116.531-102zM256 338c-25.365 0-46 20.635-46 46 0 25.364 20.635 46 46 46s46-20.636 46-46c0-25.365-20.635-46-46-46z\"><\/path><\/svg><\/span>\n\t\t<\/span>\n\n\t\t\t\t\t\t<\/summary>\n\t\t\t\t<div role=\"region\" aria-labelledby=\"e-n-accordion-item-2381\" class=\"elementor-element elementor-element-f2559aa e-con-full e-flex e-con e-child\" data-id=\"f2559aa\" data-element_type=\"container\" data-e-type=\"container\">\n\t\t\t\t<div class=\"elementor-element elementor-element-d356578 elementor-widget elementor-widget-text-editor\" data-id=\"d356578\" data-element_type=\"widget\" data-e-type=\"widget\" data-widget_type=\"text-editor.default\">\n\t\t\t\t<div class=\"elementor-widget-container\">\n\t\t\t\t\t\t\t\t\t<p>The Metro system is the fastest and most affordable option. You can also use the Metrocable, buses, or ride-hailing apps (like Didi or InDrive) to reach different parts of the city.<\/p>\t\t\t\t\t\t\t\t<\/div>\n\t\t\t\t<\/div>\n\t\t\t\t<\/div>\n\t\t\t\t\t<\/details>\n\t\t\t\t\t\t<details id=\"e-n-accordion-item-2382\" class=\"e-n-accordion-item\" >\n\t\t\t\t<summary class=\"e-n-accordion-item-title\" data-accordion-index=\"3\" tabindex=\"-1\" aria-expanded=\"false\" aria-controls=\"e-n-accordion-item-2382\" >\n\t\t\t\t\t<span class='e-n-accordion-item-title-header'><div class=\"e-n-accordion-item-title-text\"> When is the best time to visit Medell\u00edn? <\/div><\/span>\n\t\t\t\t\t\t\t<span class='e-n-accordion-item-title-icon'>\n\t\t\t<span class='e-opened' ><svg aria-hidden=\"true\" class=\"e-font-icon-svg e-fas-pen-fancy\" viewbox=\"0 0 512 512\" xmlns=\"http:\/\/www.w3.org\/2000\/svg\"><path d=\"M79.18 282.94a32.005 32.005 0 0 0-20.24 20.24L0 480l4.69 4.69 92.89-92.89c-.66-2.56-1.57-5.03-1.57-7.8 0-17.67 14.33-32 32-32s32 14.33 32 32-14.33 32-32 32c-2.77 0-5.24-.91-7.8-1.57l-92.89 92.89L32 512l176.82-58.94a31.983 31.983 0 0 0 20.24-20.24l33.07-84.07-98.88-98.88-84.07 33.07zM369.25 28.32L186.14 227.81l97.85 97.85 199.49-183.11C568.4 67.48 443.73-55.94 369.25 28.32z\"><\/path><\/svg><\/span>\n\t\t\t<span class='e-closed'><svg aria-hidden=\"true\" class=\"e-font-icon-svg e-fas-question-circle\" viewbox=\"0 0 512 512\" xmlns=\"http:\/\/www.w3.org\/2000\/svg\"><path d=\"M504 256c0 136.997-111.043 248-248 248S8 392.997 8 256C8 119.083 119.043 8 256 8s248 111.083 248 248zM262.655 90c-54.497 0-89.255 22.957-116.549 63.758-3.536 5.286-2.353 12.415 2.715 16.258l34.699 26.31c5.205 3.947 12.621 3.008 16.665-2.122 17.864-22.658 30.113-35.797 57.303-35.797 20.429 0 45.698 13.148 45.698 32.958 0 14.976-12.363 22.667-32.534 33.976C247.128 238.528 216 254.941 216 296v4c0 6.627 5.373 12 12 12h56c6.627 0 12-5.373 12-12v-1.333c0-28.462 83.186-29.647 83.186-106.667 0-58.002-60.165-102-116.531-102zM256 338c-25.365 0-46 20.635-46 46 0 25.364 20.635 46 46 46s46-20.636 46-46c0-25.365-20.635-46-46-46z\"><\/path><\/svg><\/span>\n\t\t<\/span>\n\n\t\t\t\t\t\t<\/summary>\n\t\t\t\t<div role=\"region\" aria-labelledby=\"e-n-accordion-item-2382\" class=\"elementor-element elementor-element-a768afa e-con-full e-flex e-con e-child\" data-id=\"a768afa\" data-element_type=\"container\" data-e-type=\"container\">\n\t\t\t\t<div class=\"elementor-element elementor-element-a193811 elementor-widget elementor-widget-text-editor\" data-id=\"a193811\" data-element_type=\"widget\" data-e-type=\"widget\" data-widget_type=\"text-editor.default\">\n\t\t\t\t<div class=\"elementor-widget-container\">\n\t\t\t\t\t\t\t\t\t<p>Thanks to its &#8220;City of Eternal Spring&#8221; climate, Medell\u00edn is enjoyable year-round. December is famous for its Christmas lights, while August and September feature major cultural festivals, like\u00a0The Medell\u00edn Book and Culture Festival or Feria de las Flores in July.<\/p>\t\t\t\t\t\t\t\t<\/div>\n\t\t\t\t<\/div>\n\t\t\t\t<\/div>\n\t\t\t\t\t<\/details>\n\t\t\t\t\t<\/div>\n\t\t\t\t\t\t<\/div>\n\t\t\t\t<\/div>\n\t\t\t\t<\/div>\n\t\t\t\t<\/div>\n\t\t\t\t<\/div>\n\t\t\t\t<\/div>\n\t\t\t\t\t<\/div>\n\t\t\t\t<\/div>\n\t\t\t\t<\/div>","protected":false},"excerpt":{"rendered":"<p>You&#8217;re wondering what to do in Medellin? Well, Medell\u00edn is a city of mountains, music, friendly people, and small surprises [&hellip;]<\/p>\n","protected":false},"author":1,"featured_media":2725,"comment_status":"open","ping_status":"open","sticky":false,"template":"","format":"standard","meta":{"site-sidebar-layout":"default","site-content-layout":"","ast-site-content-layout":"default","site-content-style":"default","site-sidebar-style":"default","ast-global-header-display":"","ast-banner-title-visibility":"","ast-main-header-display":"","ast-hfb-above-header-display":"","ast-hfb-below-header-display":"","ast-hfb-mobile-header-display":"","site-post-title":"","ast-breadcrumbs-content":"","ast-featured-img":"","footer-sml-layout":"","ast-disable-related-posts":"","theme-transparent-header-meta":"","adv-header-id-meta":"","stick-header-meta":"","header-above-stick-meta":"","header-main-stick-meta":"","header-below-stick-meta":"","astra-migrate-meta-layouts":"default","ast-page-background-enabled":"default","ast-page-background-meta":{"desktop":{"background-color":"var(--ast-global-color-4)","background-image":"","background-repeat":"repeat","background-position":"center center","background-size":"auto","background-attachment":"scroll","background-type":"","background-media":"","overlay-type":"","overlay-color":"","overlay-opacity":"","overlay-gradient":""},"tablet":{"background-color":"","background-image":"","background-repeat":"repeat","background-position":"center center","background-size":"auto","background-attachment":"scroll","background-type":"","background-media":"","overlay-type":"","overlay-color":"","overlay-opacity":"","overlay-gradient":""},"mobile":{"background-color":"","background-image":"","background-repeat":"repeat","background-position":"center center","background-size":"auto","background-attachment":"scroll","background-type":"","background-media":"","overlay-type":"","overlay-color":"","overlay-opacity":"","overlay-gradient":""}},"ast-content-background-meta":{"desktop":{"background-color":"var(--ast-global-color-5)","background-image":"","background-repeat":"repeat","background-position":"center center","background-size":"auto","background-attachment":"scroll","background-type":"","background-media":"","overlay-type":"","overlay-color":"","overlay-opacity":"","overlay-gradient":""},"tablet":{"background-color":"var(--ast-global-color-5)","background-image":"","background-repeat":"repeat","background-position":"center center","background-size":"auto","background-attachment":"scroll","background-type":"","background-media":"","overlay-type":"","overlay-color":"","overlay-opacity":"","overlay-gradient":""},"mobile":{"background-color":"var(--ast-global-color-5)","background-image":"","background-repeat":"repeat","background-position":"center center","background-size":"auto","background-attachment":"scroll","background-type":"","background-media":"","overlay-type":"","overlay-color":"","overlay-opacity":"","overlay-gradient":""}},"footnotes":""},"categories":[11],"tags":[26,29,24,27,28,25],"class_list":["post-1835","post","type-post","status-publish","format-standard","has-post-thumbnail","hentry","category-colombia","tag-day-trips-from-medellin","tag-learn-spanish-in-medellin","tag-medellin-travel","tag-travel-tips-colombia","tag-visit-medellin","tag-what-to-do-in-medellin"],"_links":{"self":[{"href":"https:\/\/spanishlearningjourney.com\/es\/wp-json\/wp\/v2\/posts\/1835","targetHints":{"allow":["GET"]}}],"collection":[{"href":"https:\/\/spanishlearningjourney.com\/es\/wp-json\/wp\/v2\/posts"}],"about":[{"href":"https:\/\/spanishlearningjourney.com\/es\/wp-json\/wp\/v2\/types\/post"}],"author":[{"embeddable":true,"href":"https:\/\/spanishlearningjourney.com\/es\/wp-json\/wp\/v2\/users\/1"}],"replies":[{"embeddable":true,"href":"https:\/\/spanishlearningjourney.com\/es\/wp-json\/wp\/v2\/comments?post=1835"}],"version-history":[{"count":40,"href":"https:\/\/spanishlearningjourney.com\/es\/wp-json\/wp\/v2\/posts\/1835\/revisions"}],"predecessor-version":[{"id":2729,"href":"https:\/\/spanishlearningjourney.com\/es\/wp-json\/wp\/v2\/posts\/1835\/revisions\/2729"}],"wp:featuredmedia":[{"embeddable":true,"href":"https:\/\/spanishlearningjourney.com\/es\/wp-json\/wp\/v2\/media\/2725"}],"wp:attachment":[{"href":"https:\/\/spanishlearningjourney.com\/es\/wp-json\/wp\/v2\/media?parent=1835"}],"wp:term":[{"taxonomy":"category","embeddable":true,"href":"https:\/\/spanishlearningjourney.com\/es\/wp-json\/wp\/v2\/categories?post=1835"},{"taxonomy":"post_tag","embeddable":true,"href":"https:\/\/spanishlearningjourney.com\/es\/wp-json\/wp\/v2\/tags?post=1835"}],"curies":[{"name":"wp","href":"https:\/\/api.w.org\/{rel}","templated":true}]}}